{"id":32877,"date":"2024-10-30T14:01:00","date_gmt":"2024-10-30T14:01:00","guid":{"rendered":"https:\/\/drmuratsongu.com\/?p=32877"},"modified":"2025-08-29T10:12:39","modified_gmt":"2025-08-29T10:12:39","slug":"naskirurgi-for-en-bojd-nasa","status":"publish","type":"post","link":"https:\/\/drmuratsongu.com\/sv\/naskirurgi-for-en-bojd-nasa\/","title":{"rendered":"N\u00e4skirurgi f\u00f6r en b\u00f6jd n\u00e4sa"},"content":{"rendered":"<p><span style=\"font-weight: 400;\">Naskirurgi f\u00f6r en b\u00f6jd n\u00e4sa korrigerar asymmetrier och f\u00f6rb\u00e4ttrar n\u00e4sans form. Ingreppet kan vara estetiskt, funktionellt eller en kombination av b\u00e5da beroende p\u00e5 patientens behov.<\/span><\/p>\n<p><span style=\"font-weight: 400;\">Orsaker till b\u00f6jd n\u00e4sa inkluderar medf\u00f6dda missbildningar, trauma eller tidigare misslyckade operationer. Behandlingen planeras individuellt f\u00f6r att \u00e5terst\u00e4lla symmetrin.<\/span><\/p>\n<p><span style=\"font-weight: 400;\">Operation av b\u00f6jd n\u00e4sa kan omfatta omformning av brosk, rakning av ben eller anv\u00e4ndning av implantat. M\u00e5let \u00e4r att skapa en balanserad och funktionell n\u00e4sa.<\/span><\/p>\n<p><span style=\"font-weight: 400;\">Noggrann postoperativ v\u00e5rd \u00e4r avg\u00f6rande f\u00f6r att bevara resultatet. Patienter b\u00f6r f\u00f6lja l\u00e4karens r\u00e5d f\u00f6r att undvika komplikationer och uppn\u00e5 l\u00e5ngsiktigt h\u00e5llbara resultat.<\/span><\/p>\n<div id=\"ez-toc-container\" class=\"ez-toc-v2_0_82_2 counter-hierarchy ez-toc-counter ez-toc-custom ez-toc-container-direction\">\n<div class=\"ez-toc-title-container\">\n<p class=\"ez-toc-title\" style=\"cursor:inherit\">\u0130\u00e7indekiler<\/p>\n<span class=\"ez-toc-title-toggle\"><\/span><\/div>\n<nav><ul class='ez-toc-list ez-toc-list-level-1 ' ><li class='ez-toc-page-1 ez-toc-heading-level-2'><a class=\"ez-toc-link ez-toc-heading-1\" href=\"https:\/\/drmuratsongu.com\/sv\/naskirurgi-for-en-bojd-nasa\/#Fordelar_med_Nasoperation_for_Puckelnasa\" >F\u00f6rdelar med N\u00e4soperation f\u00f6r Puckeln\u00e4sa<\/a><\/li><li class='ez-toc-page-1 ez-toc-heading-level-2'><a class=\"ez-toc-link ez-toc-heading-2\" href=\"https:\/\/drmuratsongu.com\/sv\/naskirurgi-for-en-bojd-nasa\/#Process_och_Eftervard_av_Nasoperation_for_Puckelnasa\" >Process och Efterv\u00e5rd av N\u00e4soperation f\u00f6r Puckeln\u00e4sa<\/a><\/li><\/ul><\/nav><\/div>\n<h2><span class=\"ez-toc-section\" id=\"Fordelar_med_Nasoperation_for_Puckelnasa\"><\/span>F\u00f6rdelar med N\u00e4soperation f\u00f6r Puckeln\u00e4sa<span class=\"ez-toc-section-end\"><\/span><\/h2>\n<p>En n\u00e4skorrigering f\u00f6r puckeln\u00e4sa erbjuder flera estetiska och funktionella f\u00f6rdelar. F\u00f6rst och fr\u00e4mst g\u00f6r denna operation att n\u00e4sstrukturen blir sl\u00e4tare och mer proportionell. Estetiskt hj\u00e4lper detta ansiktsdragen att se mer harmoniska ut. Dessutom observeras ofta betydande f\u00f6rb\u00e4ttringar i andningsfunktionen efter operationen.<\/p>\n<ul>\n<li aria-level=\"1\">Korrigering av n\u00e4sstrukturen<\/li>\n<li aria-level=\"1\">F\u00f6rb\u00e4ttring av andningsfunktionen<\/li>\n<li aria-level=\"1\">Mer estetiskt ansiktsutseende<\/li>\n<\/ul>\n<p>En annan viktig f\u00f6rdel med denna operation \u00e4r den h\u00f6ga graden av positiva resultat efter operationen. Patienter rapporterar ofta att deras n\u00e4sa ser sl\u00e4tare ut och att deras andningskomfort har \u00f6kat efter ingreppet. Dessa f\u00f6rdelar f\u00f6rb\u00e4ttrar livskvaliteten avsev\u00e4rt f\u00f6r personer som genomg\u00e5r n\u00e4skorrigering f\u00f6r puckeln\u00e4sa.<\/p>\n<h2><span class=\"ez-toc-section\" id=\"Process_och_Eftervard_av_Nasoperation_for_Puckelnasa\"><\/span>Process och Efterv\u00e5rd av N\u00e4soperation f\u00f6r Puckeln\u00e4sa<span class=\"ez-toc-section-end\"><\/span><\/h2>\n<p>Vid n\u00e4skorrigering f\u00f6r puckeln\u00e4sa anv\u00e4nds raspningstekniken f\u00f6r mindre pucklar, medan de \u00f6vre delarna av ben- och broskstrukturen tas bort f\u00f6r st\u00f6rre pucklar. I detta skede \u00e4r det n\u00f6dv\u00e4ndigt att f\u00f6ra de fria kanterna av benen n\u00e4rmare varandra. Denna procedur slutf\u00f6rs genom att sk\u00e4ra de nedre delarna av n\u00e4sbenet och g\u00f6ra det r\u00f6rligt. Efter operationen stabiliseras n\u00e4san med en skena, som vanligtvis tas bort efter 10 dagar.<\/p>\n<p>F\u00f6re Operationen:<\/p>\n<ul>\n<li aria-level=\"1\">Undvik att \u00e4ta och dricka 6 timmar f\u00f6re operationen eftersom allm\u00e4n narkos kommer att anv\u00e4ndas.<\/li>\n<li aria-level=\"1\">Anv\u00e4nd inte blodf\u00f6rtunnande mediciner eller \u00f6rtteer.<\/li>\n<li aria-level=\"1\">Informera din l\u00e4kare om eventuella mediciner du tar regelbundet.<\/li>\n<li aria-level=\"1\">Sluta med alkohol och r\u00f6kning minst en vecka f\u00f6re operationen.<\/li>\n<li aria-level=\"1\">Undvik solexponering.<\/li>\n<li aria-level=\"1\">P\u00e5 operationsdagen ska du vara sminkfri och tv\u00e4tta ansiktet med antibakteriell tv\u00e5l.<\/li>\n<\/ul>\n<p>Efter Operationen:<\/p>\n<ul>\n<li aria-level=\"1\">Bl\u00e5m\u00e4rken, svullnad och \u00f6dem i ansiktet och n\u00e4san \u00e4r normalt och f\u00f6rsvinner vanligtvis inom en vecka.<\/li>\n<li aria-level=\"1\">Sm\u00e4rtstillande medel ska anv\u00e4ndas enligt l\u00e4karens rekommendation.<\/li>\n<li aria-level=\"1\">Att sova p\u00e5 rygg med huvudet upph\u00f6jt kan hj\u00e4lpa till att minska svullnad och \u00f6dem.<\/li>\n<li aria-level=\"1\">Du kan \u00e5terg\u00e5 till dagliga aktiviteter efter den f\u00f6rsta veckan.<\/li>\n<li aria-level=\"1\">L\u00e4kningsprocessen tar vanligtvis mellan 6 m\u00e5nader och 1 \u00e5r.<\/li>\n<li aria-level=\"1\">Undvik att b\u00e4ra glas\u00f6gon under de f\u00f6rsta 3 m\u00e5naderna efter operationen; du kan b\u00f6rja anv\u00e4nda linser efter 3 dagar.<\/li>\n<\/ul>\n<p>Dessa detaljer hj\u00e4lper patienter att vara informerade och v\u00e4l f\u00f6rberedda f\u00f6r processen f\u00f6r n\u00e4skorrigering f\u00f6r puckeln\u00e4sa.<\/p>\n","protected":false},"excerpt":{"rendered":"<p>Naskirurgi f\u00f6r en b\u00f6jd n\u00e4sa korrigerar asymmetrier och f\u00f6rb\u00e4ttrar n\u00e4sans form. Ingreppet kan vara estetiskt, funktionellt eller en kombination av b\u00e5da beroende p\u00e5 patientens behov. Orsaker till b\u00f6jd n\u00e4sa inkluderar medf\u00f6dda missbildningar, trauma eller tidigare misslyckade operationer. Behandlingen planeras individuellt f\u00f6r att \u00e5terst\u00e4lla symmetrin. Operation av b\u00f6jd n\u00e4sa kan omfatta omformning av brosk, rakning av [&#8230;]\n","protected":false},"author":4,"featured_media":32878,"comment_status":"open","ping_status":"open","sticky":false,"template":"","format":"standard","meta":{"footnotes":""},"categories":[79],"tags":[],"class_list":["post-32877","post","type-post","status-publish","format-standard","has-post-thumbnail","hentry","category-okategoriserad"],"_links":{"self":[{"href":"https:\/\/drmuratsongu.com\/sv\/wp-json\/wp\/v2\/posts\/32877","targetHints":{"allow":["GET"]}}],"collection":[{"href":"https:\/\/drmuratsongu.com\/sv\/wp-json\/wp\/v2\/posts"}],"about":[{"href":"https:\/\/drmuratsongu.com\/sv\/wp-json\/wp\/v2\/types\/post"}],"author":[{"embeddable":true,"href":"https:\/\/drmuratsongu.com\/sv\/wp-json\/wp\/v2\/users\/4"}],"replies":[{"embeddable":true,"href":"https:\/\/drmuratsongu.com\/sv\/wp-json\/wp\/v2\/comments?post=32877"}],"version-history":[{"count":3,"href":"https:\/\/drmuratsongu.com\/sv\/wp-json\/wp\/v2\/posts\/32877\/revisions"}],"predecessor-version":[{"id":52664,"href":"https:\/\/drmuratsongu.com\/sv\/wp-json\/wp\/v2\/posts\/32877\/revisions\/52664"}],"wp:featuredmedia":[{"embeddable":true,"href":"https:\/\/drmuratsongu.com\/sv\/wp-json\/wp\/v2\/media\/32878"}],"wp:attachment":[{"href":"https:\/\/drmuratsongu.com\/sv\/wp-json\/wp\/v2\/media?parent=32877"}],"wp:term":[{"taxonomy":"category","embeddable":true,"href":"https:\/\/drmuratsongu.com\/sv\/wp-json\/wp\/v2\/categories?post=32877"},{"taxonomy":"post_tag","embeddable":true,"href":"https:\/\/drmuratsongu.com\/sv\/wp-json\/wp\/v2\/tags?post=32877"}],"curies":[{"name":"wp","href":"https:\/\/api.w.org\/{rel}","templated":true}]}}